{"id":16659,"date":"2021-03-15T15:20:22","date_gmt":"2021-03-15T14:20:22","guid":{"rendered":"https:\/\/capsinol.com\/endlich-fuehle-ich-wieder-luft-in-meinem-kopf\/"},"modified":"2022-11-25T12:44:02","modified_gmt":"2022-11-25T11:44:02","slug":"endlich-fuehle-ich-wieder-luft-in-meinem-kopf","status":"publish","type":"post","link":"https:\/\/capsinol.com\/de\/endlich-fuehle-ich-wieder-luft-in-meinem-kopf\/","title":{"rendered":"Endlich f\u00fchle ich wieder Luft in meinem Kopf!"},"content":{"rendered":"<p>[et_pb_section fb_built=&#8221;1&#8243; _builder_version=&#8221;4.16&#8243; global_colors_info=&#8221;{}&#8221; theme_builder_area=&#8221;post_content&#8221;][et_pb_row _builder_version=&#8221;4.16&#8243; background_size=&#8221;initial&#8221; background_position=&#8221;top_left&#8221; background_repeat=&#8221;repeat&#8221; global_colors_info=&#8221;{}&#8221; theme_builder_area=&#8221;post_content&#8221;][et_pb_column type=&#8221;4_4&#8243; _builder_version=&#8221;4.16&#8243; custom_padding=&#8221;|||&#8221; global_colors_info=&#8221;{}&#8221; custom_padding__hover=&#8221;|||&#8221; theme_builder_area=&#8221;post_content&#8221;][et_pb_text _builder_version=&#8221;4.16&#8243; background_size=&#8221;initial&#8221; background_position=&#8221;top_left&#8221; background_repeat=&#8221;repeat&#8221; global_colors_info=&#8221;{}&#8221; theme_builder_area=&#8221;post_content&#8221;]<\/p>\n<h1>Wie Henk ein Problem mit einer verstopften Nase gel\u00f6st hat.<\/h1>\n<p><em>Henk, 64 Jahre alt.<\/em> Ich bin sehr froh, Capsinol entdeckt zu haben. Dank Capsinol bekomme ich endlich wieder Luft in meinen Kopf und nach Jahren gehe ich ohne Kopfschmerzen durchs Leben!<\/p>\n<h2>Ich leide seit Jahren an einer verstopften Nase<\/h2>\n<p>Ich habe seit Jahren eine verstopfte Nase und meine Hohlr\u00e4ume sind fast immer vollst\u00e4ndig verstopft. Au\u00dferdem habe ich viele Kopfschmerzen und f\u00fchle mich \u00fcberhaupt nicht fit. Ich war oft beim Arzt und habe immer wieder die gleiche Geschichte geh\u00f6rt. d\u00e4mpfen, d\u00e4mpfen, d\u00e4mpfen. In den letzten Jahren habe ich auch viel von dem <a href=\"https:\/\/capsinol.com\/de\/capsinol-auf-platz-1-im-film-ueber-natuerliche-loesungen-verstopfte-die-nase\/\">Neti Topf<\/a> verwendet. Das hat ein bisschen geholfen, meine Beschwerden blieben bestehen. Ich habe auch mehrmals meine Hohlr\u00e4ume gescannt und wurde immer ohne L\u00f6sung nach Hause geschickt.<\/p>\n<h2>Nat\u00fcrliches Nasenspray auf Basis von rotem Pfeffer<\/h2>\n<p>Ich habe durch meine Tochter von Capsinol geh\u00f6rt. Sie erz\u00e4hlte mir, dass sie sehr positive Erfahrungen geh\u00f6rt habe und dass es sich um ein nat\u00fcrliches Nasenspray auf Basis von Paprika handelt. Ich habe zuerst mit der milden Version angefangen. Ich fragte mich, ob es nicht sehr scharf sein w\u00fcrde, denn wenn ich roten Pfeffer esse, schwitze ich immer viel.<\/p>\n<h2>Drei Sprays dreimal am Tag waren ziemlich erleichtert<\/h2>\n<p>Der Rat war, dreimal t\u00e4glich drei Sprays in die Nase zu geben. Das erste Mal war es ein ziemlicher Schock, aber die Zeiten danach gew\u00f6hnte ich mich schnell an die St\u00e4rke der Paprika. Nach ein paar Tagen bemerkte ich, dass ich mehr Luft in meinem Kopf bekam. Das rechte Nasenloch \u00f6ffnete sich, das linke jedoch noch nicht. Aufgrund der Verwendung kam viel alter Schleim aus meiner Nase. Das dauerte ein paar Wochen und es hat einiges erleichtert!<\/p>\n<h2>Empfehlung: St\u00e4rkere Variante verwenden<\/h2>\n<p>Nachdem ich die erste Flasche fertig hatte, wurde mir geraten, die st\u00e4rkere Version zu probieren, da klar war, dass die mildere Version funktionierte. Ich bemerkte bald, dass das Capsinol Strong noch besser funktionierte und dass meine verstopfte Nase und Hohlr\u00e4ume noch besser behandelt wurden und sich besser anf\u00fchlten.<\/p>\n<p>Alles in allem freue ich mich sehr, dass ich Capsinol entdeckt habe und bin mit der Verbesserung meiner Beschwerden zufrieden.<br \/>\nDanke!<\/p>\n<p>Gr\u00fc\u00dfe,<br \/>\nHenk[\/et_pb_text][\/et_pb_column][\/et_pb_row][\/et_pb_section]<\/p>\n","protected":false},"excerpt":{"rendered":"<p>Wie Henk ein Problem mit einer verstopften Nase gel\u00f6st hat. Henk, 64 Jahre alt. Ich bin sehr froh, Capsinol entdeckt zu haben. Dank Capsinol bekomme ich endlich wieder Luft in meinen Kopf und nach Jahren gehe ich ohne Kopfschmerzen durchs Leben! Ich leide seit Jahren an einer verstopften Nase Ich habe seit Jahren eine verstopfte [&hellip;]<\/p>\n","protected":false},"author":5,"featured_media":11449,"comment_status":"open","ping_status":"closed","sticky":false,"template":"","format":"standard","meta":{"_acf_changed":false,"_et_pb_use_builder":"on","_et_pb_old_content":"","_et_gb_content_width":"","footnotes":""},"categories":[28],"tags":[165],"class_list":["post-16659","post","type-post","status-publish","format-standard","has-post-thumbnail","hentry","category-blog-de","tag-verstopfte-nase"],"acf":[],"yoast_head":"<!-- This site is optimized with the Yoast SEO plugin v27.5 - https:\/\/yoast.com\/product\/yoast-seo-wordpress\/ -->\n<title>Henk l\u00f6ste eine verstopfte Nase mit Capsinol<\/title>\n<meta name=\"description\" content=\"Seit Jahren litt unter einer chronisch verstopften Nase. Henk spricht \u00fcber die Verwendung von Capsinol, das ihm wieder Luft gegeben hat.\" \/>\n<meta name=\"robots\" content=\"index, follow, max-snippet:-1, max-image-preview:large, max-video-preview:-1\" \/>\n<link rel=\"canonical\" href=\"https:\/\/capsinol.com\/de\/endlich-fuehle-ich-wieder-luft-in-meinem-kopf\/\" \/>\n<meta property=\"og:locale\" content=\"de_DE\" \/>\n<meta property=\"og:type\" content=\"article\" \/>\n<meta property=\"og:title\" content=\"Henk l\u00f6ste eine verstopfte Nase mit Capsinol\" \/>\n<meta property=\"og:description\" content=\"Seit Jahren litt unter einer chronisch verstopften Nase. Henk spricht \u00fcber die Verwendung von Capsinol, das ihm wieder Luft gegeben hat.\" \/>\n<meta property=\"og:url\" content=\"https:\/\/capsinol.com\/de\/endlich-fuehle-ich-wieder-luft-in-meinem-kopf\/\" \/>\n<meta property=\"og:site_name\" content=\"Capsinol Nasenspray\" \/>\n<meta property=\"article:publisher\" content=\"https:\/\/www.facebook.com\/capsinol\" \/>\n<meta property=\"article:author\" content=\"www.facebook.com\/capsinol\" \/>\n<meta property=\"article:published_time\" content=\"2021-03-15T14:20:22+00:00\" \/>\n<meta property=\"article:modified_time\" content=\"2022-11-25T11:44:02+00:00\" \/>\n<meta property=\"og:image\" content=\"https:\/\/capsinol.com\/wp-content\/uploads\/2019\/05\/foto-henk-review.jpg\" \/>\n\t<meta property=\"og:image:width\" content=\"960\" \/>\n\t<meta property=\"og:image:height\" content=\"1280\" \/>\n\t<meta property=\"og:image:type\" content=\"image\/jpeg\" \/>\n<meta name=\"author\" content=\"Capsinol\" \/>\n<meta name=\"twitter:card\" content=\"summary_large_image\" \/>\n<meta name=\"twitter:label1\" content=\"Written by\" \/>\n\t<meta name=\"twitter:data1\" content=\"Capsinol\" \/>\n\t<meta name=\"twitter:label2\" content=\"Est. reading time\" \/>\n\t<meta name=\"twitter:data2\" content=\"2 minutes\" \/>\n<script type=\"application\/ld+json\" class=\"yoast-schema-graph\">{\"@context\":\"https:\\\/\\\/schema.org\",\"@graph\":[{\"@type\":\"Article\",\"@id\":\"https:\\\/\\\/capsinol.com\\\/de\\\/endlich-fuehle-ich-wieder-luft-in-meinem-kopf\\\/#article\",\"isPartOf\":{\"@id\":\"https:\\\/\\\/capsinol.com\\\/de\\\/endlich-fuehle-ich-wieder-luft-in-meinem-kopf\\\/\"},\"author\":{\"name\":\"Capsinol\",\"@id\":\"https:\\\/\\\/capsinol.com\\\/de\\\/#\\\/schema\\\/person\\\/63a5bc27970a106cbfe20f4e626512b7\"},\"headline\":\"Endlich f\u00fchle ich wieder Luft in meinem Kopf!\",\"datePublished\":\"2021-03-15T14:20:22+00:00\",\"dateModified\":\"2022-11-25T11:44:02+00:00\",\"mainEntityOfPage\":{\"@id\":\"https:\\\/\\\/capsinol.com\\\/de\\\/endlich-fuehle-ich-wieder-luft-in-meinem-kopf\\\/\"},\"wordCount\":479,\"commentCount\":0,\"publisher\":{\"@id\":\"https:\\\/\\\/capsinol.com\\\/de\\\/#organization\"},\"image\":{\"@id\":\"https:\\\/\\\/capsinol.com\\\/de\\\/endlich-fuehle-ich-wieder-luft-in-meinem-kopf\\\/#primaryimage\"},\"thumbnailUrl\":\"https:\\\/\\\/capsinol.com\\\/wp-content\\\/uploads\\\/2019\\\/05\\\/foto-henk-review.jpg\",\"keywords\":[\"verstopfte Nase\"],\"articleSection\":[\"Blog\"],\"inLanguage\":\"de-DE\",\"potentialAction\":[{\"@type\":\"CommentAction\",\"name\":\"Comment\",\"target\":[\"https:\\\/\\\/capsinol.com\\\/de\\\/endlich-fuehle-ich-wieder-luft-in-meinem-kopf\\\/#respond\"]}]},{\"@type\":\"WebPage\",\"@id\":\"https:\\\/\\\/capsinol.com\\\/de\\\/endlich-fuehle-ich-wieder-luft-in-meinem-kopf\\\/\",\"url\":\"https:\\\/\\\/capsinol.com\\\/de\\\/endlich-fuehle-ich-wieder-luft-in-meinem-kopf\\\/\",\"name\":\"Henk l\u00f6ste eine verstopfte Nase mit Capsinol\",\"isPartOf\":{\"@id\":\"https:\\\/\\\/capsinol.com\\\/de\\\/#website\"},\"primaryImageOfPage\":{\"@id\":\"https:\\\/\\\/capsinol.com\\\/de\\\/endlich-fuehle-ich-wieder-luft-in-meinem-kopf\\\/#primaryimage\"},\"image\":{\"@id\":\"https:\\\/\\\/capsinol.com\\\/de\\\/endlich-fuehle-ich-wieder-luft-in-meinem-kopf\\\/#primaryimage\"},\"thumbnailUrl\":\"https:\\\/\\\/capsinol.com\\\/wp-content\\\/uploads\\\/2019\\\/05\\\/foto-henk-review.jpg\",\"datePublished\":\"2021-03-15T14:20:22+00:00\",\"dateModified\":\"2022-11-25T11:44:02+00:00\",\"description\":\"Seit Jahren litt unter einer chronisch verstopften Nase. Henk spricht \u00fcber die Verwendung von Capsinol, das ihm wieder Luft gegeben hat.\",\"breadcrumb\":{\"@id\":\"https:\\\/\\\/capsinol.com\\\/de\\\/endlich-fuehle-ich-wieder-luft-in-meinem-kopf\\\/#breadcrumb\"},\"inLanguage\":\"de-DE\",\"potentialAction\":[{\"@type\":\"ReadAction\",\"target\":[\"https:\\\/\\\/capsinol.com\\\/de\\\/endlich-fuehle-ich-wieder-luft-in-meinem-kopf\\\/\"]}]},{\"@type\":\"ImageObject\",\"inLanguage\":\"de-DE\",\"@id\":\"https:\\\/\\\/capsinol.com\\\/de\\\/endlich-fuehle-ich-wieder-luft-in-meinem-kopf\\\/#primaryimage\",\"url\":\"https:\\\/\\\/capsinol.com\\\/wp-content\\\/uploads\\\/2019\\\/05\\\/foto-henk-review.jpg\",\"contentUrl\":\"https:\\\/\\\/capsinol.com\\\/wp-content\\\/uploads\\\/2019\\\/05\\\/foto-henk-review.jpg\",\"width\":960,\"height\":1280,\"caption\":\"henk Bewertung Capsinol\"},{\"@type\":\"BreadcrumbList\",\"@id\":\"https:\\\/\\\/capsinol.com\\\/de\\\/endlich-fuehle-ich-wieder-luft-in-meinem-kopf\\\/#breadcrumb\",\"itemListElement\":[{\"@type\":\"ListItem\",\"position\":1,\"name\":\"Home\",\"item\":\"https:\\\/\\\/capsinol.com\\\/de\\\/\"},{\"@type\":\"ListItem\",\"position\":2,\"name\":\"Endlich f\u00fchle ich wieder Luft in meinem Kopf!\"}]},{\"@type\":\"WebSite\",\"@id\":\"https:\\\/\\\/capsinol.com\\\/de\\\/#website\",\"url\":\"https:\\\/\\\/capsinol.com\\\/de\\\/\",\"name\":\"Capsinol neusspray\",\"description\":\"Natuurlijke neusspray\",\"publisher\":{\"@id\":\"https:\\\/\\\/capsinol.com\\\/de\\\/#organization\"},\"potentialAction\":[{\"@type\":\"SearchAction\",\"target\":{\"@type\":\"EntryPoint\",\"urlTemplate\":\"https:\\\/\\\/capsinol.com\\\/de\\\/?s={search_term_string}\"},\"query-input\":{\"@type\":\"PropertyValueSpecification\",\"valueRequired\":true,\"valueName\":\"search_term_string\"}}],\"inLanguage\":\"de-DE\"},{\"@type\":\"Organization\",\"@id\":\"https:\\\/\\\/capsinol.com\\\/de\\\/#organization\",\"name\":\"Capsinol\",\"url\":\"https:\\\/\\\/capsinol.com\\\/de\\\/\",\"logo\":{\"@type\":\"ImageObject\",\"inLanguage\":\"de-DE\",\"@id\":\"https:\\\/\\\/capsinol.com\\\/de\\\/#\\\/schema\\\/logo\\\/image\\\/\",\"url\":\"https:\\\/\\\/i0.wp.com\\\/capsinol.com\\\/wp-content\\\/uploads\\\/2016\\\/09\\\/cropped-logo-capsinol.png?fit=512%2C512&ssl=1\",\"contentUrl\":\"https:\\\/\\\/i0.wp.com\\\/capsinol.com\\\/wp-content\\\/uploads\\\/2016\\\/09\\\/cropped-logo-capsinol.png?fit=512%2C512&ssl=1\",\"width\":512,\"height\":512,\"caption\":\"Capsinol\"},\"image\":{\"@id\":\"https:\\\/\\\/capsinol.com\\\/de\\\/#\\\/schema\\\/logo\\\/image\\\/\"},\"sameAs\":[\"https:\\\/\\\/www.facebook.com\\\/capsinol\"]},{\"@type\":\"Person\",\"@id\":\"https:\\\/\\\/capsinol.com\\\/de\\\/#\\\/schema\\\/person\\\/63a5bc27970a106cbfe20f4e626512b7\",\"name\":\"Capsinol\",\"image\":{\"@type\":\"ImageObject\",\"inLanguage\":\"de-DE\",\"@id\":\"https:\\\/\\\/secure.gravatar.com\\\/avatar\\\/af112852f13782c754133802b587d7e61a49668220035fd746247f2006279f9c?s=96&d=mm&r=g\",\"url\":\"https:\\\/\\\/secure.gravatar.com\\\/avatar\\\/af112852f13782c754133802b587d7e61a49668220035fd746247f2006279f9c?s=96&d=mm&r=g\",\"contentUrl\":\"https:\\\/\\\/secure.gravatar.com\\\/avatar\\\/af112852f13782c754133802b587d7e61a49668220035fd746247f2006279f9c?s=96&d=mm&r=g\",\"caption\":\"Capsinol\"},\"sameAs\":[\"www.facebook.com\\\/capsinol\"],\"url\":\"https:\\\/\\\/capsinol.com\\\/de\\\/author\\\/cap_beheerder\\\/\"}]}<\/script>\n<!-- \/ Yoast SEO plugin. -->","yoast_head_json":{"title":"Henk l\u00f6ste eine verstopfte Nase mit Capsinol","description":"Seit Jahren litt unter einer chronisch verstopften Nase. Henk spricht \u00fcber die Verwendung von Capsinol, das ihm wieder Luft gegeben hat.","robots":{"index":"index","follow":"follow","max-snippet":"max-snippet:-1","max-image-preview":"max-image-preview:large","max-video-preview":"max-video-preview:-1"},"canonical":"https:\/\/capsinol.com\/de\/endlich-fuehle-ich-wieder-luft-in-meinem-kopf\/","og_locale":"de_DE","og_type":"article","og_title":"Henk l\u00f6ste eine verstopfte Nase mit Capsinol","og_description":"Seit Jahren litt unter einer chronisch verstopften Nase. Henk spricht \u00fcber die Verwendung von Capsinol, das ihm wieder Luft gegeben hat.","og_url":"https:\/\/capsinol.com\/de\/endlich-fuehle-ich-wieder-luft-in-meinem-kopf\/","og_site_name":"Capsinol Nasenspray","article_publisher":"https:\/\/www.facebook.com\/capsinol","article_author":"www.facebook.com\/capsinol","article_published_time":"2021-03-15T14:20:22+00:00","article_modified_time":"2022-11-25T11:44:02+00:00","og_image":[{"width":960,"height":1280,"url":"https:\/\/capsinol.com\/wp-content\/uploads\/2019\/05\/foto-henk-review.jpg","type":"image\/jpeg"}],"author":"Capsinol","twitter_card":"summary_large_image","twitter_misc":{"Written by":"Capsinol","Est. reading time":"2 minutes"},"schema":{"@context":"https:\/\/schema.org","@graph":[{"@type":"Article","@id":"https:\/\/capsinol.com\/de\/endlich-fuehle-ich-wieder-luft-in-meinem-kopf\/#article","isPartOf":{"@id":"https:\/\/capsinol.com\/de\/endlich-fuehle-ich-wieder-luft-in-meinem-kopf\/"},"author":{"name":"Capsinol","@id":"https:\/\/capsinol.com\/de\/#\/schema\/person\/63a5bc27970a106cbfe20f4e626512b7"},"headline":"Endlich f\u00fchle ich wieder Luft in meinem Kopf!","datePublished":"2021-03-15T14:20:22+00:00","dateModified":"2022-11-25T11:44:02+00:00","mainEntityOfPage":{"@id":"https:\/\/capsinol.com\/de\/endlich-fuehle-ich-wieder-luft-in-meinem-kopf\/"},"wordCount":479,"commentCount":0,"publisher":{"@id":"https:\/\/capsinol.com\/de\/#organization"},"image":{"@id":"https:\/\/capsinol.com\/de\/endlich-fuehle-ich-wieder-luft-in-meinem-kopf\/#primaryimage"},"thumbnailUrl":"https:\/\/capsinol.com\/wp-content\/uploads\/2019\/05\/foto-henk-review.jpg","keywords":["verstopfte Nase"],"articleSection":["Blog"],"inLanguage":"de-DE","potentialAction":[{"@type":"CommentAction","name":"Comment","target":["https:\/\/capsinol.com\/de\/endlich-fuehle-ich-wieder-luft-in-meinem-kopf\/#respond"]}]},{"@type":"WebPage","@id":"https:\/\/capsinol.com\/de\/endlich-fuehle-ich-wieder-luft-in-meinem-kopf\/","url":"https:\/\/capsinol.com\/de\/endlich-fuehle-ich-wieder-luft-in-meinem-kopf\/","name":"Henk l\u00f6ste eine verstopfte Nase mit Capsinol","isPartOf":{"@id":"https:\/\/capsinol.com\/de\/#website"},"primaryImageOfPage":{"@id":"https:\/\/capsinol.com\/de\/endlich-fuehle-ich-wieder-luft-in-meinem-kopf\/#primaryimage"},"image":{"@id":"https:\/\/capsinol.com\/de\/endlich-fuehle-ich-wieder-luft-in-meinem-kopf\/#primaryimage"},"thumbnailUrl":"https:\/\/capsinol.com\/wp-content\/uploads\/2019\/05\/foto-henk-review.jpg","datePublished":"2021-03-15T14:20:22+00:00","dateModified":"2022-11-25T11:44:02+00:00","description":"Seit Jahren litt unter einer chronisch verstopften Nase. Henk spricht \u00fcber die Verwendung von Capsinol, das ihm wieder Luft gegeben hat.","breadcrumb":{"@id":"https:\/\/capsinol.com\/de\/endlich-fuehle-ich-wieder-luft-in-meinem-kopf\/#breadcrumb"},"inLanguage":"de-DE","potentialAction":[{"@type":"ReadAction","target":["https:\/\/capsinol.com\/de\/endlich-fuehle-ich-wieder-luft-in-meinem-kopf\/"]}]},{"@type":"ImageObject","inLanguage":"de-DE","@id":"https:\/\/capsinol.com\/de\/endlich-fuehle-ich-wieder-luft-in-meinem-kopf\/#primaryimage","url":"https:\/\/capsinol.com\/wp-content\/uploads\/2019\/05\/foto-henk-review.jpg","contentUrl":"https:\/\/capsinol.com\/wp-content\/uploads\/2019\/05\/foto-henk-review.jpg","width":960,"height":1280,"caption":"henk Bewertung Capsinol"},{"@type":"BreadcrumbList","@id":"https:\/\/capsinol.com\/de\/endlich-fuehle-ich-wieder-luft-in-meinem-kopf\/#breadcrumb","itemListElement":[{"@type":"ListItem","position":1,"name":"Home","item":"https:\/\/capsinol.com\/de\/"},{"@type":"ListItem","position":2,"name":"Endlich f\u00fchle ich wieder Luft in meinem Kopf!"}]},{"@type":"WebSite","@id":"https:\/\/capsinol.com\/de\/#website","url":"https:\/\/capsinol.com\/de\/","name":"Capsinol neusspray","description":"Natuurlijke neusspray","publisher":{"@id":"https:\/\/capsinol.com\/de\/#organization"},"potentialAction":[{"@type":"SearchAction","target":{"@type":"EntryPoint","urlTemplate":"https:\/\/capsinol.com\/de\/?s={search_term_string}"},"query-input":{"@type":"PropertyValueSpecification","valueRequired":true,"valueName":"search_term_string"}}],"inLanguage":"de-DE"},{"@type":"Organization","@id":"https:\/\/capsinol.com\/de\/#organization","name":"Capsinol","url":"https:\/\/capsinol.com\/de\/","logo":{"@type":"ImageObject","inLanguage":"de-DE","@id":"https:\/\/capsinol.com\/de\/#\/schema\/logo\/image\/","url":"https:\/\/i0.wp.com\/capsinol.com\/wp-content\/uploads\/2016\/09\/cropped-logo-capsinol.png?fit=512%2C512&ssl=1","contentUrl":"https:\/\/i0.wp.com\/capsinol.com\/wp-content\/uploads\/2016\/09\/cropped-logo-capsinol.png?fit=512%2C512&ssl=1","width":512,"height":512,"caption":"Capsinol"},"image":{"@id":"https:\/\/capsinol.com\/de\/#\/schema\/logo\/image\/"},"sameAs":["https:\/\/www.facebook.com\/capsinol"]},{"@type":"Person","@id":"https:\/\/capsinol.com\/de\/#\/schema\/person\/63a5bc27970a106cbfe20f4e626512b7","name":"Capsinol","image":{"@type":"ImageObject","inLanguage":"de-DE","@id":"https:\/\/secure.gravatar.com\/avatar\/af112852f13782c754133802b587d7e61a49668220035fd746247f2006279f9c?s=96&d=mm&r=g","url":"https:\/\/secure.gravatar.com\/avatar\/af112852f13782c754133802b587d7e61a49668220035fd746247f2006279f9c?s=96&d=mm&r=g","contentUrl":"https:\/\/secure.gravatar.com\/avatar\/af112852f13782c754133802b587d7e61a49668220035fd746247f2006279f9c?s=96&d=mm&r=g","caption":"Capsinol"},"sameAs":["www.facebook.com\/capsinol"],"url":"https:\/\/capsinol.com\/de\/author\/cap_beheerder\/"}]}},"_links":{"self":[{"href":"https:\/\/capsinol.com\/de\/wp-json\/wp\/v2\/posts\/16659","targetHints":{"allow":["GET"]}}],"collection":[{"href":"https:\/\/capsinol.com\/de\/wp-json\/wp\/v2\/posts"}],"about":[{"href":"https:\/\/capsinol.com\/de\/wp-json\/wp\/v2\/types\/post"}],"author":[{"embeddable":true,"href":"https:\/\/capsinol.com\/de\/wp-json\/wp\/v2\/users\/5"}],"replies":[{"embeddable":true,"href":"https:\/\/capsinol.com\/de\/wp-json\/wp\/v2\/comments?post=16659"}],"version-history":[{"count":4,"href":"https:\/\/capsinol.com\/de\/wp-json\/wp\/v2\/posts\/16659\/revisions"}],"predecessor-version":[{"id":40207,"href":"https:\/\/capsinol.com\/de\/wp-json\/wp\/v2\/posts\/16659\/revisions\/40207"}],"wp:featuredmedia":[{"embeddable":true,"href":"https:\/\/capsinol.com\/de\/wp-json\/wp\/v2\/media\/11449"}],"wp:attachment":[{"href":"https:\/\/capsinol.com\/de\/wp-json\/wp\/v2\/media?parent=16659"}],"wp:term":[{"taxonomy":"category","embeddable":true,"href":"https:\/\/capsinol.com\/de\/wp-json\/wp\/v2\/categories?post=16659"},{"taxonomy":"post_tag","embeddable":true,"href":"https:\/\/capsinol.com\/de\/wp-json\/wp\/v2\/tags?post=16659"}],"curies":[{"name":"wp","href":"https:\/\/api.w.org\/{rel}","templated":true}]}}